{"id":299,"count":3,"description":"","link":"https:\/\/nemusarboricultura.com\/ca\/services_group\/interiors-ca\/","name":"Interiors","slug":"interiors-ca","taxonomy":"cpt_services_group","parent":0,"meta":[],"acf":[],"yoast_head":"<!-- This site is optimized with the Yoast SEO plugin v24.2 - https:\/\/yoast.com\/wordpress\/plugins\/seo\/ -->\n<title>Interiors archivos | Nemus<\/title>\n<meta name=\"robots\" content=\"index, follow, max-snippet:-1, max-image-preview:large, max-video-preview:-1\" \/>\n<link rel=\"canonical\" href=\"https:\/\/nemusarboricultura.com\/services_group\/interiors\/\" \/>\n<meta property=\"og:locale\" content=\"ca_ES\" \/>\n<meta property=\"og:type\" content=\"article\" \/>\n<meta property=\"og:title\" content=\"Interiors archivos | Nemus\" \/>\n<meta property=\"og:url\" content=\"https:\/\/nemusarboricultura.com\/services_group\/interiors\/\" \/>\n<meta property=\"og:site_name\" content=\"Nemus\" \/>\n<meta name=\"twitter:card\" content=\"summary_large_image\" \/>\n<script type=\"application\/ld+json\" class=\"yoast-schema-graph\">{\"@context\":\"https:\/\/schema.org\",\"@graph\":[{\"@type\":\"CollectionPage\",\"@id\":\"https:\/\/nemusarboricultura.com\/services_group\/interiors\/\",\"url\":\"https:\/\/nemusarboricultura.com\/services_group\/interiors\/\",\"name\":\"Interiors archivos | Nemus\",\"isPartOf\":{\"@id\":\"https:\/\/nemusarboricultura.com\/#website\"},\"breadcrumb\":{\"@id\":\"https:\/\/nemusarboricultura.com\/services_group\/interiors\/#breadcrumb\"},\"inLanguage\":\"ca\"},{\"@type\":\"BreadcrumbList\",\"@id\":\"https:\/\/nemusarboricultura.com\/services_group\/interiors\/#breadcrumb\",\"itemListElement\":[{\"@type\":\"ListItem\",\"position\":1,\"name\":\"Portada\",\"item\":\"https:\/\/nemusarboricultura.com\/ca\/\"},{\"@type\":\"ListItem\",\"position\":2,\"name\":\"Interiors\"}]},{\"@type\":\"WebSite\",\"@id\":\"https:\/\/nemusarboricultura.com\/#website\",\"url\":\"https:\/\/nemusarboricultura.com\/\",\"name\":\"Nemus Arboricultura y Formaci\u00f3n en Mallorca\",\"description\":\"Nemus Arboricultura: Gesti\u00f3n sostenible del arbolado con 20 a\u00f1os de experiencia. Cuidado del entorno y formaci\u00f3n de expertos en arboricultura.\",\"publisher\":{\"@id\":\"https:\/\/nemusarboricultura.com\/#organization\"},\"alternateName\":\"Nemus Arboricultura\",\"potentialAction\":[{\"@type\":\"SearchAction\",\"target\":{\"@type\":\"EntryPoint\",\"urlTemplate\":\"https:\/\/nemusarboricultura.com\/?s={search_term_string}\"},\"query-input\":{\"@type\":\"PropertyValueSpecification\",\"valueRequired\":true,\"valueName\":\"search_term_string\"}}],\"inLanguage\":\"ca\"},{\"@type\":\"Organization\",\"@id\":\"https:\/\/nemusarboricultura.com\/#organization\",\"name\":\"Nemus Arboricultura y Formaci\u00f3n en Mallorca\",\"alternateName\":\"Nemus Arboricultura\",\"url\":\"https:\/\/nemusarboricultura.com\/\",\"logo\":{\"@type\":\"ImageObject\",\"inLanguage\":\"ca\",\"@id\":\"https:\/\/nemusarboricultura.com\/#\/schema\/logo\/image\/\",\"url\":\"https:\/\/nemusarboricultura.com\/wp-content\/uploads\/2025\/01\/Logotipo-Vertical.png\",\"contentUrl\":\"https:\/\/nemusarboricultura.com\/wp-content\/uploads\/2025\/01\/Logotipo-Vertical.png\",\"width\":656,\"height\":745,\"caption\":\"Nemus Arboricultura y Formaci\u00f3n en Mallorca\"},\"image\":{\"@id\":\"https:\/\/nemusarboricultura.com\/#\/schema\/logo\/image\/\"}}]}<\/script>\n<!-- \/ Yoast SEO plugin. -->","yoast_head_json":{"title":"Interiors archivos | Nemus","robots":{"index":"index","follow":"follow","max-snippet":"max-snippet:-1","max-image-preview":"max-image-preview:large","max-video-preview":"max-video-preview:-1"},"canonical":"https:\/\/nemusarboricultura.com\/services_group\/interiors\/","og_locale":"ca_ES","og_type":"article","og_title":"Interiors archivos | Nemus","og_url":"https:\/\/nemusarboricultura.com\/services_group\/interiors\/","og_site_name":"Nemus","twitter_card":"summary_large_image","schema":{"@context":"https:\/\/schema.org","@graph":[{"@type":"CollectionPage","@id":"https:\/\/nemusarboricultura.com\/services_group\/interiors\/","url":"https:\/\/nemusarboricultura.com\/services_group\/interiors\/","name":"Interiors archivos | Nemus","isPartOf":{"@id":"https:\/\/nemusarboricultura.com\/#website"},"breadcrumb":{"@id":"https:\/\/nemusarboricultura.com\/services_group\/interiors\/#breadcrumb"},"inLanguage":"ca"},{"@type":"BreadcrumbList","@id":"https:\/\/nemusarboricultura.com\/services_group\/interiors\/#breadcrumb","itemListElement":[{"@type":"ListItem","position":1,"name":"Portada","item":"https:\/\/nemusarboricultura.com\/ca\/"},{"@type":"ListItem","position":2,"name":"Interiors"}]},{"@type":"WebSite","@id":"https:\/\/nemusarboricultura.com\/#website","url":"https:\/\/nemusarboricultura.com\/","name":"Nemus Arboricultura y Formaci\u00f3n en Mallorca","description":"Nemus Arboricultura: Gesti\u00f3n sostenible del arbolado con 20 a\u00f1os de experiencia. Cuidado del entorno y formaci\u00f3n de expertos en arboricultura.","publisher":{"@id":"https:\/\/nemusarboricultura.com\/#organization"},"alternateName":"Nemus Arboricultura","potentialAction":[{"@type":"SearchAction","target":{"@type":"EntryPoint","urlTemplate":"https:\/\/nemusarboricultura.com\/?s={search_term_string}"},"query-input":{"@type":"PropertyValueSpecification","valueRequired":true,"valueName":"search_term_string"}}],"inLanguage":"ca"},{"@type":"Organization","@id":"https:\/\/nemusarboricultura.com\/#organization","name":"Nemus Arboricultura y Formaci\u00f3n en Mallorca","alternateName":"Nemus Arboricultura","url":"https:\/\/nemusarboricultura.com\/","logo":{"@type":"ImageObject","inLanguage":"ca","@id":"https:\/\/nemusarboricultura.com\/#\/schema\/logo\/image\/","url":"https:\/\/nemusarboricultura.com\/wp-content\/uploads\/2025\/01\/Logotipo-Vertical.png","contentUrl":"https:\/\/nemusarboricultura.com\/wp-content\/uploads\/2025\/01\/Logotipo-Vertical.png","width":656,"height":745,"caption":"Nemus Arboricultura y Formaci\u00f3n en Mallorca"},"image":{"@id":"https:\/\/nemusarboricultura.com\/#\/schema\/logo\/image\/"}}]}},"_links":{"self":[{"href":"https:\/\/nemusarboricultura.com\/ca\/wp-json\/wp\/v2\/cpt_services_group\/299","targetHints":{"allow":["GET"]}}],"collection":[{"href":"https:\/\/nemusarboricultura.com\/ca\/wp-json\/wp\/v2\/cpt_services_group"}],"about":[{"href":"https:\/\/nemusarboricultura.com\/ca\/wp-json\/wp\/v2\/taxonomies\/cpt_services_group"}],"wp:post_type":[{"href":"https:\/\/nemusarboricultura.com\/ca\/wp-json\/wp\/v2\/cpt_services?cpt_services_group=299"}],"curies":[{"name":"wp","href":"https:\/\/api.w.org\/{rel}","templated":true}]}}